{"id":7760,"date":"2025-06-07T16:34:03","date_gmt":"2025-06-07T14:34:03","guid":{"rendered":"https:\/\/www.klaerwerk-krefeld.org\/?p=7760"},"modified":"2025-06-07T17:31:06","modified_gmt":"2025-06-07T15:31:06","slug":"recherchen-fuer-den-bund","status":"publish","type":"post","link":"https:\/\/www.klaerwerk-krefeld.org\/index.php\/recherchen-fuer-den-bund\/","title":{"rendered":"Recherchen f\u00fcr den BUND"},"content":{"rendered":"\n<p><strong><a href=\"https:\/\/correctiv.org\/thema\/aktuelles\/kampf-um-wasser\/\">KAMPF UM WASSER<\/a><\/strong><\/p>\n\n\n\n<h1 class=\"wp-block-heading\">Trotz D\u00fcrre in Deutschland: Industrie nutzt weiterhin ungebremst Wasser<\/h1>\n\n\n\n<p>Ernten vertrocknen, Kleing\u00e4rtner sollen weniger gie\u00dfen und B\u00fcrgerinnen und B\u00fcrger Wasser sparen \u2013 doch Unternehmen d\u00fcrfen weiter pumpen. Nach einer CORRECTIV-Umfrage lassen die Bundesl\u00e4nder ihre Kohle-, Chemie- und Pharmakonzerne ungehindert Wasser nutzen: <a href=\"https:\/\/correctiv.org\/thema\/aktuelles\/kampf-um-wasser\/\">Bericht auf correctiv.org vom 5.5.25<\/a><\/p>\n\n\n\n<h2 class=\"wp-block-heading\">Die Datenvisualisierung unserer Wasser Recherche &#8220;das Wasserbuch&#8221;<\/h2>\n\n\n\n<figure class=\"wp-block-image size-large\"><a href=\"https:\/\/www.klaerwerk-krefeld.org\/wasserbuch\"><img loading=\"lazy\" decoding=\"async\" width=\"1024\" height=\"554\" src=\"https:\/\/www.klaerwerk-krefeld.org\/wp-content\/uploads\/2025\/06\/image-1-1024x554.png\" alt=\"\" class=\"wp-image-7762\" srcset=\"https:\/\/www.klaerwerk-krefeld.org\/wp-content\/uploads\/2025\/06\/image-1-1024x554.png 1024w, https:\/\/www.klaerwerk-krefeld.org\/wp-content\/uploads\/2025\/06\/image-1-300x162.png 300w, https:\/\/www.klaerwerk-krefeld.org\/wp-content\/uploads\/2025\/06\/image-1-768x415.png 768w, https:\/\/www.klaerwerk-krefeld.org\/wp-content\/uploads\/2025\/06\/image-1-1536x831.png 1536w, https:\/\/www.klaerwerk-krefeld.org\/wp-content\/uploads\/2025\/06\/image-1-2048x1107.png 2048w\" sizes=\"auto, (max-width: 767px) 89vw, (max-width: 1000px) 54vw, (max-width: 1071px) 543px, 580px\" \/><\/a><\/figure>\n\n\n\n<p><a href=\"https:\/\/www.klaerwerk-krefeld.org\/wasserbuch\">https:\/\/www.klaerwerk-krefeld.org\/wasserbuch<\/a><\/p>\n","protected":false},"excerpt":{"rendered":"<p>KAMPF UM WASSER Trotz D\u00fcrre in Deutschland: Industrie nutzt weiterhin ungebremst Wasser Ernten vertrocknen, Kleing\u00e4rtner sollen weniger gie\u00dfen und B\u00fcrgerinnen und B\u00fcrger Wasser sparen \u2013 doch Unternehmen d\u00fcrfen weiter pumpen. Nach einer CORRECTIV-Umfrage lassen die Bundesl\u00e4nder ihre Kohle-, Chemie- und Pharmakonzerne ungehindert Wasser nutzen: Bericht auf correctiv.org vom 5.5.25 Die Datenvisualisierung unserer Wasser Recherche &#8220;das &hellip; <\/p>\n<p class=\"link-more\"><a href=\"https:\/\/www.klaerwerk-krefeld.org\/index.php\/recherchen-fuer-den-bund\/\" class=\"more-link\"><span class=\"screen-reader-text\">\u201eRecherchen f\u00fcr den BUND\u201c <\/span>weiterlesen<\/a><\/p>\n","protected":false},"author":1,"featured_media":0,"comment_status":"closed","ping_status":"open","sticky":false,"template":"","format":"standard","meta":{"footnotes":""},"categories":[5,12],"tags":[],"class_list":["post-7760","post","type-post","status-publish","format-standard","hentry","category-klaerwerk","category-umweltprobleme"],"_links":{"self":[{"href":"https:\/\/www.klaerwerk-krefeld.org\/index.php\/wp-json\/wp\/v2\/posts\/7760","targetHints":{"allow":["GET"]}}],"collection":[{"href":"https:\/\/www.klaerwerk-krefeld.org\/index.php\/wp-json\/wp\/v2\/posts"}],"about":[{"href":"https:\/\/www.klaerwerk-krefeld.org\/index.php\/wp-json\/wp\/v2\/types\/post"}],"author":[{"embeddable":true,"href":"https:\/\/www.klaerwerk-krefeld.org\/index.php\/wp-json\/wp\/v2\/users\/1"}],"replies":[{"embeddable":true,"href":"https:\/\/www.klaerwerk-krefeld.org\/index.php\/wp-json\/wp\/v2\/comments?post=7760"}],"version-history":[{"count":3,"href":"https:\/\/www.klaerwerk-krefeld.org\/index.php\/wp-json\/wp\/v2\/posts\/7760\/revisions"}],"predecessor-version":[{"id":7782,"href":"https:\/\/www.klaerwerk-krefeld.org\/index.php\/wp-json\/wp\/v2\/posts\/7760\/revisions\/7782"}],"wp:attachment":[{"href":"https:\/\/www.klaerwerk-krefeld.org\/index.php\/wp-json\/wp\/v2\/media?parent=7760"}],"wp:term":[{"taxonomy":"category","embeddable":true,"href":"https:\/\/www.klaerwerk-krefeld.org\/index.php\/wp-json\/wp\/v2\/categories?post=7760"},{"taxonomy":"post_tag","embeddable":true,"href":"https:\/\/www.klaerwerk-krefeld.org\/index.php\/wp-json\/wp\/v2\/tags?post=7760"}],"curies":[{"name":"wp","href":"https:\/\/api.w.org\/{rel}","templated":true}]}}