{"id":5721,"date":"2021-05-30T18:26:20","date_gmt":"2021-05-30T16:26:20","guid":{"rendered":"https:\/\/www.klaerwerk-krefeld.org\/?p=5721"},"modified":"2025-02-06T07:55:45","modified_gmt":"2025-02-06T06:55:45","slug":"bach-im-klaerwerk","status":"publish","type":"post","link":"https:\/\/www.klaerwerk-krefeld.org\/index.php\/bach-im-klaerwerk\/","title":{"rendered":"Bach im Kl\u00e4rwerk 2021"},"content":{"rendered":"\n<p>Bach im Kl\u00e4rwerk: Im Rahmen der Coronadenkonzerte in St. Augustinus findet am Sonntag 30.05.2021 um 19 Uhr ein sehr au\u00dfergew\u00f6hnliches Konzert statt. Was verbirgt sich hinter dem Titel \u201eBach im Kl\u00e4rwerk\u201c? Ein Kirchenkonzert mit einer Bachkantate findet da nicht in einer Kirche, sondern in einer Industrieruine, einer weltlichen Kathedrale der Baukunst statt. Und leider nur online.<\/p>\n\n\n\n<p>Zwei gro\u00dfartige Werke von Johann Sebastian Bach stehen auf dem Programm des Konzertes: Die Kantate \u201eGott soll allein mein Herze haben\u201c, f\u00fcr Alt solo und Orchester, BWV 169 und die ber\u00fchmte Suite in h-moll f\u00fcr Traversfl\u00f6te und Streicher. Die Ausf\u00fchrenden sind Dorothee Wohlgemuth und das Ensemble Capella 94 unter der Leitung von Christoph Scholz.<\/p>\n\n\n\n<p><a href=\"https:\/\/youtu.be\/7z0J1P7vdD4\">https:\/\/youtu.be\/7z0J1P7vdD4<\/a><\/p>\n","protected":false},"excerpt":{"rendered":"<p>Bach im Kl\u00e4rwerk: Im Rahmen der Coronadenkonzerte in St. Augustinus findet am Sonntag 30.05.2021 um 19 Uhr ein sehr au\u00dfergew\u00f6hnliches Konzert statt. Was verbirgt sich hinter dem Titel \u201eBach im Kl\u00e4rwerk\u201c? Ein Kirchenkonzert mit einer Bachkantate findet da nicht in einer Kirche, sondern in einer Industrieruine, einer weltlichen Kathedrale der Baukunst statt. Und leider nur &hellip; <\/p>\n<p class=\"link-more\"><a href=\"https:\/\/www.klaerwerk-krefeld.org\/index.php\/bach-im-klaerwerk\/\" class=\"more-link\"><span class=\"screen-reader-text\">\u201eBach im Kl\u00e4rwerk 2021\u201c <\/span>weiterlesen<\/a><\/p>\n","protected":false},"author":1,"featured_media":5722,"comment_status":"closed","ping_status":"open","sticky":false,"template":"","format":"standard","meta":{"footnotes":""},"categories":[5],"tags":[],"class_list":["post-5721","post","type-post","status-publish","format-standard","has-post-thumbnail","hentry","category-klaerwerk"],"_links":{"self":[{"href":"https:\/\/www.klaerwerk-krefeld.org\/index.php\/wp-json\/wp\/v2\/posts\/5721","targetHints":{"allow":["GET"]}}],"collection":[{"href":"https:\/\/www.klaerwerk-krefeld.org\/index.php\/wp-json\/wp\/v2\/posts"}],"about":[{"href":"https:\/\/www.klaerwerk-krefeld.org\/index.php\/wp-json\/wp\/v2\/types\/post"}],"author":[{"embeddable":true,"href":"https:\/\/www.klaerwerk-krefeld.org\/index.php\/wp-json\/wp\/v2\/users\/1"}],"replies":[{"embeddable":true,"href":"https:\/\/www.klaerwerk-krefeld.org\/index.php\/wp-json\/wp\/v2\/comments?post=5721"}],"version-history":[{"count":2,"href":"https:\/\/www.klaerwerk-krefeld.org\/index.php\/wp-json\/wp\/v2\/posts\/5721\/revisions"}],"predecessor-version":[{"id":7690,"href":"https:\/\/www.klaerwerk-krefeld.org\/index.php\/wp-json\/wp\/v2\/posts\/5721\/revisions\/7690"}],"wp:featuredmedia":[{"embeddable":true,"href":"https:\/\/www.klaerwerk-krefeld.org\/index.php\/wp-json\/wp\/v2\/media\/5722"}],"wp:attachment":[{"href":"https:\/\/www.klaerwerk-krefeld.org\/index.php\/wp-json\/wp\/v2\/media?parent=5721"}],"wp:term":[{"taxonomy":"category","embeddable":true,"href":"https:\/\/www.klaerwerk-krefeld.org\/index.php\/wp-json\/wp\/v2\/categories?post=5721"},{"taxonomy":"post_tag","embeddable":true,"href":"https:\/\/www.klaerwerk-krefeld.org\/index.php\/wp-json\/wp\/v2\/tags?post=5721"}],"curies":[{"name":"wp","href":"https:\/\/api.w.org\/{rel}","templated":true}]}}