{"id":5590,"date":"2021-02-24T16:46:32","date_gmt":"2021-02-24T15:46:32","guid":{"rendered":"https:\/\/www.klaerwerk-krefeld.org\/?p=5590"},"modified":"2021-02-24T17:01:06","modified_gmt":"2021-02-24T16:01:06","slug":"die-werkstatt-des-klaerwerks","status":"publish","type":"post","link":"https:\/\/www.klaerwerk-krefeld.org\/index.php\/die-werkstatt-des-klaerwerks\/","title":{"rendered":"Die Werkstatt des Kl\u00e4rwerks"},"content":{"rendered":"\n<p>Nachdem wir einige Monate mit der Instandsetzung des Betriebsleiter-Wohnhauses verbracht haben, geht es nun wieder verst\u00e4rkt um das Hauptgeb\u00e4ude . <\/p>\n\n\n\n<figure class=\"wp-block-image size-large\"><img loading=\"lazy\" decoding=\"async\" width=\"1024\" height=\"935\" src=\"https:\/\/www.klaerwerk-krefeld.org\/wp-content\/uploads\/2021\/02\/image-1024x935.png\" alt=\"\" class=\"wp-image-5591\" srcset=\"https:\/\/www.klaerwerk-krefeld.org\/wp-content\/uploads\/2021\/02\/image-1024x935.png 1024w, https:\/\/www.klaerwerk-krefeld.org\/wp-content\/uploads\/2021\/02\/image-300x274.png 300w, https:\/\/www.klaerwerk-krefeld.org\/wp-content\/uploads\/2021\/02\/image-768x701.png 768w, https:\/\/www.klaerwerk-krefeld.org\/wp-content\/uploads\/2021\/02\/image-150x137.png 150w, https:\/\/www.klaerwerk-krefeld.org\/wp-content\/uploads\/2021\/02\/image.png 1244w\" sizes=\"auto, (max-width: 767px) 89vw, (max-width: 1000px) 54vw, (max-width: 1071px) 543px, 580px\" \/><\/figure>\n\n\n\n<p>In der Kl\u00e4ranlage gab es eine eigene Werkstatt, diese war im Maschinenhaus, der kleineren der beiden Hallenbauten und laut den Inventarienzeichnungen mit Amboss, Schleifmaschine und einer Drehbank ausgestattet. \u00dcber der Werkstatt war das Magazin f\u00fcr die Ersatzteile, dieses ist durch eine offene Betontreppe an einer der Werkstattw\u00e4nde erreichbar. <\/p>\n\n\n\n<!--more-->\n\n\n\n<p>Die Werkstatt diente offenbar den Reparaturen der Einrichtung des Kl\u00e4rwerks und seit der Fertigstellung  1909 mussten s\u00e4mtliche Arbeiten zur Instandhaltung dort stattfinden, insbesondere die Rechenanlage bedurfte st\u00e4ndiger Wartung. Die Rechenzinken waren aus einer Aluminium Legierung angefertigt worden und hatten einen feinen Abstand von 5 mm. Sobald sich hier Gegenst\u00e4nde verklemmte, mussten und konnten die einzelnen Rechenzinken ausgetauscht werden.<\/p>\n\n\n\n<p>Von der Werkstatteinrichtung ist nichts mehr erhalten, daher besch\u00e4ftigen sich die Forschungen in diesem Raum mit den einzelnen Artefakten an W\u00e4nden und Fussboden, die einen Zusammenhang vielleicht erkl\u00e4ren k\u00f6nnen.<\/p>\n\n\n\n<figure class=\"wp-block-image size-large\"><img loading=\"lazy\" decoding=\"async\" width=\"1024\" height=\"768\" src=\"https:\/\/www.klaerwerk-krefeld.org\/wp-content\/uploads\/2021\/02\/8C8DF0D4-17BB-4990-9212-0870A6F9405F_1_105_c.jpeg\" alt=\"\" class=\"wp-image-5592\" srcset=\"https:\/\/www.klaerwerk-krefeld.org\/wp-content\/uploads\/2021\/02\/8C8DF0D4-17BB-4990-9212-0870A6F9405F_1_105_c.jpeg 1024w, https:\/\/www.klaerwerk-krefeld.org\/wp-content\/uploads\/2021\/02\/8C8DF0D4-17BB-4990-9212-0870A6F9405F_1_105_c-300x225.jpeg 300w, https:\/\/www.klaerwerk-krefeld.org\/wp-content\/uploads\/2021\/02\/8C8DF0D4-17BB-4990-9212-0870A6F9405F_1_105_c-768x576.jpeg 768w, https:\/\/www.klaerwerk-krefeld.org\/wp-content\/uploads\/2021\/02\/8C8DF0D4-17BB-4990-9212-0870A6F9405F_1_105_c-150x113.jpeg 150w\" sizes=\"auto, (max-width: 767px) 89vw, (max-width: 1000px) 54vw, (max-width: 1071px) 543px, 580px\" \/><figcaption><em>Wasser<\/em>armatur in der Werkstatt <\/figcaption><\/figure>\n\n\n\n<p>Der Raum ist &#8211; im Zuge der Umnutzung des Kl\u00e4rwerks zudem in den achtziger Jahren bis ungef\u00e4hr ins Jahr 2000 &#8211; erheblich umgebaut worden. <\/p>\n\n\n\n<p>Insbesondere ist in der Werkstatt ein &#8220;seltsamer&#8221; Pflasterboden verlegt, der sich vom urspr\u00fcnglichen Fu\u00dfboden gut 20 cm abhebt. Fragt sich was darunter liegt? Ein italienischer Terrazzo, wie in den meisten anderen Teilen des Kl\u00e4rwerks, wohl eher nicht. Die Pflasterung wird selbstverst\u00e4ndlich recycelt und sp\u00e4ter f\u00fcr Wege benutz werden.<\/p>\n\n\n\n<figure class=\"wp-block-gallery columns-4 is-cropped wp-block-gallery-1 is-layout-flex wp-block-gallery-is-layout-flex\"><ul class=\"blocks-gallery-grid\"><li class=\"blocks-gallery-item\"><figure><a href=\"https:\/\/www.klaerwerk-krefeld.org\/wp-content\/uploads\/2021\/02\/2CDC2532-87EF-4CF0-AD1F-C4F211225B1A_1_105_c.jpeg\"><img loading=\"lazy\" decoding=\"async\" width=\"768\" height=\"1024\" src=\"https:\/\/www.klaerwerk-krefeld.org\/wp-content\/uploads\/2021\/02\/2CDC2532-87EF-4CF0-AD1F-C4F211225B1A_1_105_c.jpeg\" alt=\"\" data-id=\"5595\" data-full-url=\"https:\/\/www.klaerwerk-krefeld.org\/wp-content\/uploads\/2021\/02\/2CDC2532-87EF-4CF0-AD1F-C4F211225B1A_1_105_c.jpeg\" data-link=\"https:\/\/www.klaerwerk-krefeld.org\/?attachment_id=5595\" class=\"wp-image-5595\" srcset=\"https:\/\/www.klaerwerk-krefeld.org\/wp-content\/uploads\/2021\/02\/2CDC2532-87EF-4CF0-AD1F-C4F211225B1A_1_105_c.jpeg 768w, https:\/\/www.klaerwerk-krefeld.org\/wp-content\/uploads\/2021\/02\/2CDC2532-87EF-4CF0-AD1F-C4F211225B1A_1_105_c-225x300.jpeg 225w, https:\/\/www.klaerwerk-krefeld.org\/wp-content\/uploads\/2021\/02\/2CDC2532-87EF-4CF0-AD1F-C4F211225B1A_1_105_c-640x853.jpeg 640w, https:\/\/www.klaerwerk-krefeld.org\/wp-content\/uploads\/2021\/02\/2CDC2532-87EF-4CF0-AD1F-C4F211225B1A_1_105_c-150x200.jpeg 150w\" sizes=\"auto, (max-width: 767px) 89vw, (max-width: 1000px) 54vw, (max-width: 1071px) 543px, 580px\" \/><\/a><figcaption class=\"blocks-gallery-item__caption\">Terrazzo im Flur, Stufe, Pflasterung in der Werkstatt<\/figcaption><\/figure><\/li><li class=\"blocks-gallery-item\"><figure><a href=\"https:\/\/www.klaerwerk-krefeld.org\/wp-content\/uploads\/2021\/02\/A79F6B31-133F-4EBF-AD9A-2D30B9EBF36A_1_105_c.jpeg\"><img loading=\"lazy\" decoding=\"async\" width=\"1024\" height=\"768\" src=\"https:\/\/www.klaerwerk-krefeld.org\/wp-content\/uploads\/2021\/02\/A79F6B31-133F-4EBF-AD9A-2D30B9EBF36A_1_105_c.jpeg\" alt=\"\" data-id=\"5596\" data-full-url=\"https:\/\/www.klaerwerk-krefeld.org\/wp-content\/uploads\/2021\/02\/A79F6B31-133F-4EBF-AD9A-2D30B9EBF36A_1_105_c.jpeg\" data-link=\"https:\/\/www.klaerwerk-krefeld.org\/?attachment_id=5596\" class=\"wp-image-5596\" srcset=\"https:\/\/www.klaerwerk-krefeld.org\/wp-content\/uploads\/2021\/02\/A79F6B31-133F-4EBF-AD9A-2D30B9EBF36A_1_105_c.jpeg 1024w, https:\/\/www.klaerwerk-krefeld.org\/wp-content\/uploads\/2021\/02\/A79F6B31-133F-4EBF-AD9A-2D30B9EBF36A_1_105_c-300x225.jpeg 300w, https:\/\/www.klaerwerk-krefeld.org\/wp-content\/uploads\/2021\/02\/A79F6B31-133F-4EBF-AD9A-2D30B9EBF36A_1_105_c-768x576.jpeg 768w, https:\/\/www.klaerwerk-krefeld.org\/wp-content\/uploads\/2021\/02\/A79F6B31-133F-4EBF-AD9A-2D30B9EBF36A_1_105_c-150x113.jpeg 150w\" sizes=\"auto, (max-width: 767px) 89vw, (max-width: 1000px) 54vw, (max-width: 1071px) 543px, 580px\" \/><\/a><figcaption class=\"blocks-gallery-item__caption\">Erster Blick nach dem R\u00fcckbau<\/figcaption><\/figure><\/li><li class=\"blocks-gallery-item\"><figure><a href=\"https:\/\/www.klaerwerk-krefeld.org\/wp-content\/uploads\/2021\/02\/4B768D91-B999-4161-8364-1E2A17D77ABB_1_105_c.jpeg\"><img loading=\"lazy\" decoding=\"async\" width=\"1024\" height=\"768\" src=\"https:\/\/www.klaerwerk-krefeld.org\/wp-content\/uploads\/2021\/02\/4B768D91-B999-4161-8364-1E2A17D77ABB_1_105_c.jpeg\" alt=\"\" data-id=\"5597\" data-full-url=\"https:\/\/www.klaerwerk-krefeld.org\/wp-content\/uploads\/2021\/02\/4B768D91-B999-4161-8364-1E2A17D77ABB_1_105_c.jpeg\" data-link=\"https:\/\/www.klaerwerk-krefeld.org\/?attachment_id=5597\" class=\"wp-image-5597\" srcset=\"https:\/\/www.klaerwerk-krefeld.org\/wp-content\/uploads\/2021\/02\/4B768D91-B999-4161-8364-1E2A17D77ABB_1_105_c.jpeg 1024w, https:\/\/www.klaerwerk-krefeld.org\/wp-content\/uploads\/2021\/02\/4B768D91-B999-4161-8364-1E2A17D77ABB_1_105_c-300x225.jpeg 300w, https:\/\/www.klaerwerk-krefeld.org\/wp-content\/uploads\/2021\/02\/4B768D91-B999-4161-8364-1E2A17D77ABB_1_105_c-768x576.jpeg 768w, https:\/\/www.klaerwerk-krefeld.org\/wp-content\/uploads\/2021\/02\/4B768D91-B999-4161-8364-1E2A17D77ABB_1_105_c-150x113.jpeg 150w\" sizes=\"auto, (max-width: 767px) 89vw, (max-width: 1000px) 54vw, (max-width: 1071px) 543px, 580px\" \/><\/a><figcaption class=\"blocks-gallery-item__caption\">Detailaufnahme, ausgebrochener Fl\u00fcgelt\u00fcr Bodenanker<\/figcaption><\/figure><\/li><li class=\"blocks-gallery-item\"><figure><a href=\"https:\/\/www.klaerwerk-krefeld.org\/wp-content\/uploads\/2021\/02\/09BBDB9C-0F8D-463D-8467-8AED22599F95_1_105_c.jpeg\"><img loading=\"lazy\" decoding=\"async\" width=\"1024\" height=\"768\" src=\"https:\/\/www.klaerwerk-krefeld.org\/wp-content\/uploads\/2021\/02\/09BBDB9C-0F8D-463D-8467-8AED22599F95_1_105_c.jpeg\" alt=\"\" data-id=\"5598\" data-full-url=\"https:\/\/www.klaerwerk-krefeld.org\/wp-content\/uploads\/2021\/02\/09BBDB9C-0F8D-463D-8467-8AED22599F95_1_105_c.jpeg\" data-link=\"https:\/\/www.klaerwerk-krefeld.org\/?attachment_id=5598\" class=\"wp-image-5598\" srcset=\"https:\/\/www.klaerwerk-krefeld.org\/wp-content\/uploads\/2021\/02\/09BBDB9C-0F8D-463D-8467-8AED22599F95_1_105_c.jpeg 1024w, https:\/\/www.klaerwerk-krefeld.org\/wp-content\/uploads\/2021\/02\/09BBDB9C-0F8D-463D-8467-8AED22599F95_1_105_c-300x225.jpeg 300w, https:\/\/www.klaerwerk-krefeld.org\/wp-content\/uploads\/2021\/02\/09BBDB9C-0F8D-463D-8467-8AED22599F95_1_105_c-768x576.jpeg 768w, https:\/\/www.klaerwerk-krefeld.org\/wp-content\/uploads\/2021\/02\/09BBDB9C-0F8D-463D-8467-8AED22599F95_1_105_c-150x113.jpeg 150w\" sizes=\"auto, (max-width: 767px) 89vw, (max-width: 1000px) 54vw, (max-width: 1071px) 543px, 580px\" \/><\/a><figcaption class=\"blocks-gallery-item__caption\">Betonboden mit rutschhemmendem Muster<\/figcaption><\/figure><\/li><\/ul><\/figure>\n\n\n\n<figure class=\"wp-block-image size-large\"><img loading=\"lazy\" decoding=\"async\" width=\"1024\" height=\"768\" src=\"https:\/\/www.klaerwerk-krefeld.org\/wp-content\/uploads\/2021\/02\/915D1377-77E3-4708-A09A-38D6B2379E91_1_105_c.jpeg\" alt=\"\" class=\"wp-image-5600\" srcset=\"https:\/\/www.klaerwerk-krefeld.org\/wp-content\/uploads\/2021\/02\/915D1377-77E3-4708-A09A-38D6B2379E91_1_105_c.jpeg 1024w, https:\/\/www.klaerwerk-krefeld.org\/wp-content\/uploads\/2021\/02\/915D1377-77E3-4708-A09A-38D6B2379E91_1_105_c-300x225.jpeg 300w, https:\/\/www.klaerwerk-krefeld.org\/wp-content\/uploads\/2021\/02\/915D1377-77E3-4708-A09A-38D6B2379E91_1_105_c-768x576.jpeg 768w, https:\/\/www.klaerwerk-krefeld.org\/wp-content\/uploads\/2021\/02\/915D1377-77E3-4708-A09A-38D6B2379E91_1_105_c-150x113.jpeg 150w\" sizes=\"auto, (max-width: 767px) 89vw, (max-width: 1000px) 54vw, (max-width: 1071px) 543px, 580px\" \/><figcaption>Unter dem Pflaster: Sand, es fehlen nur noch die Palmen<\/figcaption><\/figure>\n\n\n\n<p> In der Werkstatt ist au\u00dferdem von den Keramik-K\u00fcnstlern der &#8220;Kl\u00e4rwerk-Keramik&#8221;, die Teile des Kl\u00e4rwerk 1980-2000 als Ateliers genutzt hatten, ein Kachelofen und eine geheizte Kachelsitzbank angebracht worden, die allerdings auf gar keinen Fall mehr in Betrieb genommen werden k\u00f6nnen und daher nun r\u00fcckgebaut werden m\u00fcssen.<\/p>\n\n\n\n<p>Eigentlich schade, aber alle Fremdeinbauten m\u00fcssen und werden m\u00f6glichst so zur\u00fcckgebaut, dass der Zustand des Kl\u00e4rwerks als Kl\u00e4ranlage auch wieder erkennbar wird. Und der Ofen der zudem der nicht heizen kann muss daher auch entfernt werden.    <\/p>\n\n\n\n<figure class=\"wp-block-image size-large\"><img loading=\"lazy\" decoding=\"async\" width=\"1024\" height=\"768\" src=\"https:\/\/www.klaerwerk-krefeld.org\/wp-content\/uploads\/2021\/02\/86A3FE13-33A0-4AD0-B4D1-9BE80E214FBB_1_105_c.jpeg\" alt=\"\" class=\"wp-image-5599\" srcset=\"https:\/\/www.klaerwerk-krefeld.org\/wp-content\/uploads\/2021\/02\/86A3FE13-33A0-4AD0-B4D1-9BE80E214FBB_1_105_c.jpeg 1024w, https:\/\/www.klaerwerk-krefeld.org\/wp-content\/uploads\/2021\/02\/86A3FE13-33A0-4AD0-B4D1-9BE80E214FBB_1_105_c-300x225.jpeg 300w, https:\/\/www.klaerwerk-krefeld.org\/wp-content\/uploads\/2021\/02\/86A3FE13-33A0-4AD0-B4D1-9BE80E214FBB_1_105_c-768x576.jpeg 768w, https:\/\/www.klaerwerk-krefeld.org\/wp-content\/uploads\/2021\/02\/86A3FE13-33A0-4AD0-B4D1-9BE80E214FBB_1_105_c-150x113.jpeg 150w\" sizes=\"auto, (max-width: 767px) 89vw, (max-width: 1000px) 54vw, (max-width: 1071px) 543px, 580px\" \/><\/figure>\n\n\n\n<p>Aber: wenn man schon so etwas macht, dann unbedingt auch so, dass das Material wiederverwendet werden kann. Denn eingebaut sind nicht nur wundersch\u00f6ne handmade Kacheln, sondern auch tolle Schamottesteine die W\u00e4rme speichern k\u00f6nnen. <\/p>\n\n\n\n<p>Also wird Ofen und Bank sp\u00e4ter &#8220;upcycelt&#8221; und als Paella-Pizza-Brot-Backofen ein zweites Leben auf dem Hof des Kl\u00e4rwerks bekommen! Wir freuen uns schon auf das erste Sommerfest und leckeres Backen&#8230; <\/p>\n\n\n\n<figure class=\"wp-block-image size-large\"><img loading=\"lazy\" decoding=\"async\" width=\"1024\" height=\"768\" src=\"https:\/\/www.klaerwerk-krefeld.org\/wp-content\/uploads\/2021\/02\/AE630079-3B2E-426A-94A1-D595C7FA491C_1_105_c.jpeg\" alt=\"\" class=\"wp-image-5601\" srcset=\"https:\/\/www.klaerwerk-krefeld.org\/wp-content\/uploads\/2021\/02\/AE630079-3B2E-426A-94A1-D595C7FA491C_1_105_c.jpeg 1024w, https:\/\/www.klaerwerk-krefeld.org\/wp-content\/uploads\/2021\/02\/AE630079-3B2E-426A-94A1-D595C7FA491C_1_105_c-300x225.jpeg 300w, https:\/\/www.klaerwerk-krefeld.org\/wp-content\/uploads\/2021\/02\/AE630079-3B2E-426A-94A1-D595C7FA491C_1_105_c-768x576.jpeg 768w, https:\/\/www.klaerwerk-krefeld.org\/wp-content\/uploads\/2021\/02\/AE630079-3B2E-426A-94A1-D595C7FA491C_1_105_c-150x113.jpeg 150w\" sizes=\"auto, (max-width: 767px) 89vw, (max-width: 1000px) 54vw, (max-width: 1071px) 543px, 580px\" \/><figcaption>Demontagearbeiten<\/figcaption><\/figure>\n\n\n\n<figure class=\"wp-block-image size-large\"><img loading=\"lazy\" decoding=\"async\" width=\"1024\" height=\"768\" src=\"https:\/\/www.klaerwerk-krefeld.org\/wp-content\/uploads\/2021\/02\/9B9D9320-AD39-40B3-B676-190DEE0BC9DA_1_105_c.jpeg\" alt=\"\" class=\"wp-image-5602\" srcset=\"https:\/\/www.klaerwerk-krefeld.org\/wp-content\/uploads\/2021\/02\/9B9D9320-AD39-40B3-B676-190DEE0BC9DA_1_105_c.jpeg 1024w, https:\/\/www.klaerwerk-krefeld.org\/wp-content\/uploads\/2021\/02\/9B9D9320-AD39-40B3-B676-190DEE0BC9DA_1_105_c-300x225.jpeg 300w, https:\/\/www.klaerwerk-krefeld.org\/wp-content\/uploads\/2021\/02\/9B9D9320-AD39-40B3-B676-190DEE0BC9DA_1_105_c-768x576.jpeg 768w, https:\/\/www.klaerwerk-krefeld.org\/wp-content\/uploads\/2021\/02\/9B9D9320-AD39-40B3-B676-190DEE0BC9DA_1_105_c-150x113.jpeg 150w\" sizes=\"auto, (max-width: 767px) 89vw, (max-width: 1000px) 54vw, (max-width: 1071px) 543px, 580px\" \/><figcaption>Recycling Sortierung der Schamott Steine<\/figcaption><\/figure>\n","protected":false},"excerpt":{"rendered":"<p>Nachdem wir einige Monate mit der Instandsetzung des Betriebsleiter-Wohnhauses verbracht haben, geht es nun wieder verst\u00e4rkt um das Hauptgeb\u00e4ude . In der Kl\u00e4ranlage gab es eine eigene Werkstatt, diese war im Maschinenhaus, der kleineren der beiden Hallenbauten und laut den Inventarienzeichnungen mit Amboss, Schleifmaschine und einer Drehbank ausgestattet. \u00dcber der Werkstatt war das Magazin f\u00fcr &hellip; <\/p>\n<p class=\"link-more\"><a href=\"https:\/\/www.klaerwerk-krefeld.org\/index.php\/die-werkstatt-des-klaerwerks\/\" class=\"more-link\"><span class=\"screen-reader-text\">\u201eDie Werkstatt des Kl\u00e4rwerks\u201c <\/span>weiterlesen<\/a><\/p>\n","protected":false},"author":1,"featured_media":0,"comment_status":"open","ping_status":"open","sticky":false,"template":"","format":"standard","meta":{"footnotes":""},"categories":[13,5],"tags":[],"class_list":["post-5590","post","type-post","status-publish","format-standard","hentry","category-denkmalfragen","category-klaerwerk"],"_links":{"self":[{"href":"https:\/\/www.klaerwerk-krefeld.org\/index.php\/wp-json\/wp\/v2\/posts\/5590","targetHints":{"allow":["GET"]}}],"collection":[{"href":"https:\/\/www.klaerwerk-krefeld.org\/index.php\/wp-json\/wp\/v2\/posts"}],"about":[{"href":"https:\/\/www.klaerwerk-krefeld.org\/index.php\/wp-json\/wp\/v2\/types\/post"}],"author":[{"embeddable":true,"href":"https:\/\/www.klaerwerk-krefeld.org\/index.php\/wp-json\/wp\/v2\/users\/1"}],"replies":[{"embeddable":true,"href":"https:\/\/www.klaerwerk-krefeld.org\/index.php\/wp-json\/wp\/v2\/comments?post=5590"}],"version-history":[{"count":3,"href":"https:\/\/www.klaerwerk-krefeld.org\/index.php\/wp-json\/wp\/v2\/posts\/5590\/revisions"}],"predecessor-version":[{"id":5606,"href":"https:\/\/www.klaerwerk-krefeld.org\/index.php\/wp-json\/wp\/v2\/posts\/5590\/revisions\/5606"}],"wp:attachment":[{"href":"https:\/\/www.klaerwerk-krefeld.org\/index.php\/wp-json\/wp\/v2\/media?parent=5590"}],"wp:term":[{"taxonomy":"category","embeddable":true,"href":"https:\/\/www.klaerwerk-krefeld.org\/index.php\/wp-json\/wp\/v2\/categories?post=5590"},{"taxonomy":"post_tag","embeddable":true,"href":"https:\/\/www.klaerwerk-krefeld.org\/index.php\/wp-json\/wp\/v2\/tags?post=5590"}],"curies":[{"name":"wp","href":"https:\/\/api.w.org\/{rel}","templated":true}]}}