{"id":2695,"date":"2019-06-28T15:51:49","date_gmt":"2019-06-28T13:51:49","guid":{"rendered":"https:\/\/klaerwerk.querfeldeins.org\/?p=2695"},"modified":"2019-06-28T15:54:22","modified_gmt":"2019-06-28T13:54:22","slug":"langeweile-no-betriebsleiter-wohnhaus","status":"publish","type":"post","link":"https:\/\/www.klaerwerk-krefeld.org\/index.php\/langeweile-no-betriebsleiter-wohnhaus\/","title":{"rendered":"Langeweile? no! Betriebsleiter-Wohnhaus"},"content":{"rendered":"\n<p>Nachdem wir mit dem leeren der Kan\u00e4le erst mal nicht recht weiter kommen, besch\u00e4ftigen wir uns zur Abwechslung einfach mal mit dem sch\u00f6nen Betriebsleiter Wohnhaus. <br><br>Das Wohnhaus wurde vom st\u00e4dtischen Architekten Anton Rumpen geplant und ist zwischen 1921-22 erbaut worden. <br><br>Die Beschreibung in der Denkmalliste der Stadt Krefeld liest sich so: Architektonisches Hauptkennzeichen des eingeschossigen Hauses sind das sehr hohe Walmdach und die Betonung des Haupteingangs auf der Westseite des Geb\u00e4udes durch einen flachen Risalit mit Dreiecksgiebel. Der Giebel wird von einem flachen Gesimsstreifen rundum eingefasst und ruht auf zwei einfachen, lisenenartigen Vorspr\u00fcngen an den Kanten des Risalits. Die Hauptansichtsseite ist bis hin zur Position der Schornsteine streng symmetrisch um die Achse des Haupteingangs angeordnet. [&#8230;] Der Haupteingang ist um das Sockelgeschoss mit den Kellerfenstern gegen\u00fcber dem Bogenniveau erh\u00f6ht und besitzt eine vierstufige Freitreppe.<\/p>\n\n\n\n<p>Das Haus war bis 2004 bewohnt (andere Quellen sagen bis 2014). Der Zustand ist leider auch hier von Vandalismus und Leerstand stark beeintr\u00e4chtigt. Wir sicherten nach \u00dcbernahme erst mal das undichte Dach. Danach haben wir den Strom und Wasseranschluss reaktiviert und nun s\u00e4ubern wir es. <\/p>\n\n\n\n<p>Die Zimmer sind mit Holzdielen in &#8220;Ochsenblut&#8221; lackiert. Bis auf den Flur, der sehr Wurmstichig war und entfernt werden musste, sind sie in brauchbarem Zustand. Die Fenster m\u00fcssen aufgearbeitet werden, einige sind durch Vandalismus stark besch\u00e4digt. <\/p>\n\n\n\n<figure class=\"wp-block-image\"><img loading=\"lazy\" decoding=\"async\" width=\"1024\" height=\"768\" src=\"https:\/\/klaerwerk.querfeldeins.org\/wp-content\/uploads\/2019\/06\/bfwLlmZNQNyGufV1qy3vxA-1024x768.jpg\" alt=\"\" class=\"wp-image-2696\" srcset=\"https:\/\/www.klaerwerk-krefeld.org\/wp-content\/uploads\/2019\/06\/bfwLlmZNQNyGufV1qy3vxA-1024x768.jpg 1024w, https:\/\/www.klaerwerk-krefeld.org\/wp-content\/uploads\/2019\/06\/bfwLlmZNQNyGufV1qy3vxA-300x225.jpg 300w, https:\/\/www.klaerwerk-krefeld.org\/wp-content\/uploads\/2019\/06\/bfwLlmZNQNyGufV1qy3vxA-768x576.jpg 768w, https:\/\/www.klaerwerk-krefeld.org\/wp-content\/uploads\/2019\/06\/bfwLlmZNQNyGufV1qy3vxA-1536x1152.jpg 1536w, https:\/\/www.klaerwerk-krefeld.org\/wp-content\/uploads\/2019\/06\/bfwLlmZNQNyGufV1qy3vxA-2048x1536.jpg 2048w, https:\/\/www.klaerwerk-krefeld.org\/wp-content\/uploads\/2019\/06\/bfwLlmZNQNyGufV1qy3vxA-1920x1440.jpg 1920w, https:\/\/www.klaerwerk-krefeld.org\/wp-content\/uploads\/2019\/06\/bfwLlmZNQNyGufV1qy3vxA-853x640.jpg 853w, https:\/\/www.klaerwerk-krefeld.org\/wp-content\/uploads\/2019\/06\/bfwLlmZNQNyGufV1qy3vxA-150x113.jpg 150w\" sizes=\"auto, (max-width: 767px) 89vw, (max-width: 1000px) 54vw, (max-width: 1071px) 543px, 580px\" \/><\/figure>\n\n\n\n<figure class=\"wp-block-image\"><img loading=\"lazy\" decoding=\"async\" width=\"1024\" height=\"768\" src=\"https:\/\/klaerwerk.querfeldeins.org\/wp-content\/uploads\/2019\/06\/LbsmvOCNTRuwFk2qX4hmpQ-1024x768.jpg\" alt=\"\" class=\"wp-image-2698\" srcset=\"https:\/\/www.klaerwerk-krefeld.org\/wp-content\/uploads\/2019\/06\/LbsmvOCNTRuwFk2qX4hmpQ-1024x768.jpg 1024w, https:\/\/www.klaerwerk-krefeld.org\/wp-content\/uploads\/2019\/06\/LbsmvOCNTRuwFk2qX4hmpQ-300x225.jpg 300w, https:\/\/www.klaerwerk-krefeld.org\/wp-content\/uploads\/2019\/06\/LbsmvOCNTRuwFk2qX4hmpQ-768x576.jpg 768w, https:\/\/www.klaerwerk-krefeld.org\/wp-content\/uploads\/2019\/06\/LbsmvOCNTRuwFk2qX4hmpQ-1536x1152.jpg 1536w, https:\/\/www.klaerwerk-krefeld.org\/wp-content\/uploads\/2019\/06\/LbsmvOCNTRuwFk2qX4hmpQ-2048x1536.jpg 2048w, https:\/\/www.klaerwerk-krefeld.org\/wp-content\/uploads\/2019\/06\/LbsmvOCNTRuwFk2qX4hmpQ-1920x1440.jpg 1920w, https:\/\/www.klaerwerk-krefeld.org\/wp-content\/uploads\/2019\/06\/LbsmvOCNTRuwFk2qX4hmpQ-853x640.jpg 853w, https:\/\/www.klaerwerk-krefeld.org\/wp-content\/uploads\/2019\/06\/LbsmvOCNTRuwFk2qX4hmpQ-150x113.jpg 150w\" sizes=\"auto, (max-width: 767px) 89vw, (max-width: 1000px) 54vw, (max-width: 1071px) 543px, 580px\" \/><\/figure>\n\n\n\n<p> In den R\u00e4umen waren kindische Graffiti an den W\u00e4nden, aber nachdem die &#8220;Tapeten&#8221; raus sind, ist das Geschichte. Ach ja, wenn Jemand  den K\u00fcnstler &#8220;Tips&#8221; aus Uerdingen kennt, sch\u00f6ne Gr\u00fc\u00dfe: wir haben Probleme mit Deinen Tags auf 111-Jahre altem Lava Basalt am Kl\u00e4rwerk. Du kannst bei Zeiten mal vorbeischauen und das wieder abmachen! Oder verstehst Du nichts von Kunst? Jugendstil? &#8230;  <\/p>\n\n\n\n<p><br><\/p>\n\n\n\n<p><\/p>\n\n\n\n<p>   <\/p>\n","protected":false},"excerpt":{"rendered":"<p>Nachdem wir mit dem leeren der Kan\u00e4le erst mal nicht recht weiter kommen, besch\u00e4ftigen wir uns zur Abwechslung einfach mal mit dem sch\u00f6nen Betriebsleiter Wohnhaus. Das Wohnhaus wurde vom st\u00e4dtischen Architekten Anton Rumpen geplant und ist zwischen 1921-22 erbaut worden. Die Beschreibung in der Denkmalliste der Stadt Krefeld liest sich so: Architektonisches Hauptkennzeichen des eingeschossigen &hellip; <\/p>\n<p class=\"link-more\"><a href=\"https:\/\/www.klaerwerk-krefeld.org\/index.php\/langeweile-no-betriebsleiter-wohnhaus\/\" class=\"more-link\"><span class=\"screen-reader-text\">\u201eLangeweile? no! Betriebsleiter-Wohnhaus\u201c <\/span>weiterlesen<\/a><\/p>\n","protected":false},"author":1,"featured_media":0,"comment_status":"closed","ping_status":"open","sticky":false,"template":"","format":"standard","meta":{"footnotes":""},"categories":[5],"tags":[],"class_list":["post-2695","post","type-post","status-publish","format-standard","hentry","category-klaerwerk"],"_links":{"self":[{"href":"https:\/\/www.klaerwerk-krefeld.org\/index.php\/wp-json\/wp\/v2\/posts\/2695","targetHints":{"allow":["GET"]}}],"collection":[{"href":"https:\/\/www.klaerwerk-krefeld.org\/index.php\/wp-json\/wp\/v2\/posts"}],"about":[{"href":"https:\/\/www.klaerwerk-krefeld.org\/index.php\/wp-json\/wp\/v2\/types\/post"}],"author":[{"embeddable":true,"href":"https:\/\/www.klaerwerk-krefeld.org\/index.php\/wp-json\/wp\/v2\/users\/1"}],"replies":[{"embeddable":true,"href":"https:\/\/www.klaerwerk-krefeld.org\/index.php\/wp-json\/wp\/v2\/comments?post=2695"}],"version-history":[{"count":2,"href":"https:\/\/www.klaerwerk-krefeld.org\/index.php\/wp-json\/wp\/v2\/posts\/2695\/revisions"}],"predecessor-version":[{"id":2699,"href":"https:\/\/www.klaerwerk-krefeld.org\/index.php\/wp-json\/wp\/v2\/posts\/2695\/revisions\/2699"}],"wp:attachment":[{"href":"https:\/\/www.klaerwerk-krefeld.org\/index.php\/wp-json\/wp\/v2\/media?parent=2695"}],"wp:term":[{"taxonomy":"category","embeddable":true,"href":"https:\/\/www.klaerwerk-krefeld.org\/index.php\/wp-json\/wp\/v2\/categories?post=2695"},{"taxonomy":"post_tag","embeddable":true,"href":"https:\/\/www.klaerwerk-krefeld.org\/index.php\/wp-json\/wp\/v2\/tags?post=2695"}],"curies":[{"name":"wp","href":"https:\/\/api.w.org\/{rel}","templated":true}]}}