{"id":2626,"date":"2019-06-02T14:34:07","date_gmt":"2019-06-02T12:34:07","guid":{"rendered":"https:\/\/klaerwerk.querfeldeins.org\/?p=2626"},"modified":"2019-06-02T14:37:52","modified_gmt":"2019-06-02T12:37:52","slug":"mal-nachsehen-im-neuen-auslasskanal-ok-neu-ist-relativ-er-ist-von-1909","status":"publish","type":"post","link":"https:\/\/www.klaerwerk-krefeld.org\/index.php\/mal-nachsehen-im-neuen-auslasskanal-ok-neu-ist-relativ-er-ist-von-1909\/","title":{"rendered":"Mal nachsehen im neuen Auslasskanal, ok neu ist relativ, er ist von 1909&#8230;"},"content":{"rendered":"\n<p>Mit der Reinigungsanlage wurden 1908 &#8211; 1910 einige wichtige Kan\u00e4le der Stadt neu erbaut. So schreibt Wilhelm Wessel, der damalige Leiter des Tiefbauamtes, 1982 in  &#8220;Die Heimat&#8221; in Ausgabe 53: &#8220;<em>Der S\u00fcdsammler beginnt am Hauptbahn\u00adhof, er verl\u00e4uft im Zuge Hansastra\u00dfe \u2014 Oppumer Stra\u00dfe \u2014 Glockenspitz \u2014 Berli\u00adner Stra\u00dfe zur Reinigungsanlage [&#8230;]. Der S\u00fcdsammler ist als Betonkanal gebaut mit einem maul\u00adf\u00f6rmigen Profil 2,12 \/ 2,21m, er ist heute noch voll in Betrieb und in gutem Zustand.<\/em>&#8220;<\/p>\n\n\n\n<p>Da wir ja grade mit dem Kommunalbetrieb A\u00f6R der Stadt Krefeld in den Kan\u00e4len der Kl\u00e4ranlage unterwegs waren, machte es Sinn aus dem neben der Anlage verlaufenden Hauptkanal, die historischen Zu- und Abfl\u00fcsse der des Kl\u00e4rwerks zu begutachten. Der Weg hinunter f\u00fchrt \u00fcber eine Wendeltreppe gut 7m hinab zum Kanal. Die Anlage ist in Betrieb, bei Starkregen flie\u00dft Regenwasser durch den Kanal zum Rhein. Unten angekommen bietet sich ein tolles Panorama:<\/p>\n\n\n\n<figure class=\"wp-block-image\"><img loading=\"lazy\" decoding=\"async\" width=\"1024\" height=\"683\" src=\"https:\/\/klaerwerk.querfeldeins.org\/wp-content\/uploads\/2019\/05\/fullsizeoutput_177b-1024x683.jpeg\" alt=\"\" class=\"wp-image-2569\" srcset=\"https:\/\/www.klaerwerk-krefeld.org\/wp-content\/uploads\/2019\/05\/fullsizeoutput_177b-1024x683.jpeg 1024w, https:\/\/www.klaerwerk-krefeld.org\/wp-content\/uploads\/2019\/05\/fullsizeoutput_177b-300x200.jpeg 300w, https:\/\/www.klaerwerk-krefeld.org\/wp-content\/uploads\/2019\/05\/fullsizeoutput_177b-768x512.jpeg 768w, https:\/\/www.klaerwerk-krefeld.org\/wp-content\/uploads\/2019\/05\/fullsizeoutput_177b-1536x1024.jpeg 1536w, https:\/\/www.klaerwerk-krefeld.org\/wp-content\/uploads\/2019\/05\/fullsizeoutput_177b-2048x1365.jpeg 2048w, https:\/\/www.klaerwerk-krefeld.org\/wp-content\/uploads\/2019\/05\/fullsizeoutput_177b-1920x1280.jpeg 1920w, https:\/\/www.klaerwerk-krefeld.org\/wp-content\/uploads\/2019\/05\/fullsizeoutput_177b-150x100.jpeg 150w\" sizes=\"auto, (max-width: 767px) 89vw, (max-width: 1000px) 54vw, (max-width: 1071px) 543px, 580px\" \/><figcaption>der Auslasskanal<\/figcaption><\/figure>\n\n\n\n<p> Der Zulauf der Kl\u00e4ranlage ist mittlerweile verschlossen, aber der historische Kettenschieber ist noch vorhanden:  <\/p>\n\n\n\n<figure class=\"wp-block-image\"><img loading=\"lazy\" decoding=\"async\" width=\"1024\" height=\"683\" src=\"https:\/\/klaerwerk.querfeldeins.org\/wp-content\/uploads\/2019\/05\/fullsizeoutput_177a-1024x683.jpeg\" alt=\"\" class=\"wp-image-2568\" srcset=\"https:\/\/www.klaerwerk-krefeld.org\/wp-content\/uploads\/2019\/05\/fullsizeoutput_177a-1024x683.jpeg 1024w, https:\/\/www.klaerwerk-krefeld.org\/wp-content\/uploads\/2019\/05\/fullsizeoutput_177a-300x200.jpeg 300w, https:\/\/www.klaerwerk-krefeld.org\/wp-content\/uploads\/2019\/05\/fullsizeoutput_177a-768x512.jpeg 768w, https:\/\/www.klaerwerk-krefeld.org\/wp-content\/uploads\/2019\/05\/fullsizeoutput_177a-1536x1024.jpeg 1536w, https:\/\/www.klaerwerk-krefeld.org\/wp-content\/uploads\/2019\/05\/fullsizeoutput_177a-2048x1366.jpeg 2048w, https:\/\/www.klaerwerk-krefeld.org\/wp-content\/uploads\/2019\/05\/fullsizeoutput_177a-1920x1280.jpeg 1920w, https:\/\/www.klaerwerk-krefeld.org\/wp-content\/uploads\/2019\/05\/fullsizeoutput_177a-150x100.jpeg 150w\" sizes=\"auto, (max-width: 767px) 89vw, (max-width: 1000px) 54vw, (max-width: 1071px) 543px, 580px\" \/><figcaption>Die Inschrift lautet: Geigerische Maschinenfabrik, Karlsruhe<\/figcaption><\/figure>\n\n\n\n<p>Wir sind dann durch den Kanal bis zum Auslauf des Kl\u00e4rwerks gewandert, dort f\u00fchrt eine Wendeltreppe hinauf, der Auslauf selbst ist zugemauert.<\/p>\n\n\n\n<figure class=\"wp-block-image\"><img loading=\"lazy\" decoding=\"async\" width=\"1024\" height=\"683\" src=\"https:\/\/klaerwerk.querfeldeins.org\/wp-content\/uploads\/2019\/05\/fullsizeoutput_17a9-1024x683.jpeg\" alt=\"\" class=\"wp-image-2596\" srcset=\"https:\/\/www.klaerwerk-krefeld.org\/wp-content\/uploads\/2019\/05\/fullsizeoutput_17a9-1024x683.jpeg 1024w, https:\/\/www.klaerwerk-krefeld.org\/wp-content\/uploads\/2019\/05\/fullsizeoutput_17a9-300x200.jpeg 300w, https:\/\/www.klaerwerk-krefeld.org\/wp-content\/uploads\/2019\/05\/fullsizeoutput_17a9-768x512.jpeg 768w, https:\/\/www.klaerwerk-krefeld.org\/wp-content\/uploads\/2019\/05\/fullsizeoutput_17a9-1536x1024.jpeg 1536w, https:\/\/www.klaerwerk-krefeld.org\/wp-content\/uploads\/2019\/05\/fullsizeoutput_17a9-2048x1365.jpeg 2048w, https:\/\/www.klaerwerk-krefeld.org\/wp-content\/uploads\/2019\/05\/fullsizeoutput_17a9-1920x1280.jpeg 1920w, https:\/\/www.klaerwerk-krefeld.org\/wp-content\/uploads\/2019\/05\/fullsizeoutput_17a9-150x100.jpeg 150w\" sizes=\"auto, (max-width: 767px) 89vw, (max-width: 1000px) 54vw, (max-width: 1071px) 543px, 580px\" \/><figcaption>Kanalbegehung<\/figcaption><\/figure>\n\n\n\n<p>   Noch einige Impressionen aus dem Kanalbauwerk<\/p>\n\n\n\n<ul class=\"wp-block-gallery columns-3 is-cropped wp-block-gallery-1 is-layout-flex wp-block-gallery-is-layout-flex\"><li class=\"blocks-gallery-item\"><figure><img loading=\"lazy\" decoding=\"async\" width=\"683\" height=\"1024\" src=\"https:\/\/klaerwerk.querfeldeins.org\/wp-content\/uploads\/2019\/05\/fullsizeoutput_1779-683x1024.jpeg\" alt=\"\" data-id=\"2567\" data-link=\"https:\/\/klaerwerk.querfeldeins.org\/fullsizeoutput_1779\/\" class=\"wp-image-2567\" srcset=\"https:\/\/www.klaerwerk-krefeld.org\/wp-content\/uploads\/2019\/05\/fullsizeoutput_1779-683x1024.jpeg 683w, https:\/\/www.klaerwerk-krefeld.org\/wp-content\/uploads\/2019\/05\/fullsizeoutput_1779-200x300.jpeg 200w, https:\/\/www.klaerwerk-krefeld.org\/wp-content\/uploads\/2019\/05\/fullsizeoutput_1779-768x1152.jpeg 768w, https:\/\/www.klaerwerk-krefeld.org\/wp-content\/uploads\/2019\/05\/fullsizeoutput_1779-1024x1536.jpeg 1024w, https:\/\/www.klaerwerk-krefeld.org\/wp-content\/uploads\/2019\/05\/fullsizeoutput_1779-1366x2048.jpeg 1366w, https:\/\/www.klaerwerk-krefeld.org\/wp-content\/uploads\/2019\/05\/fullsizeoutput_1779-1280x1920.jpeg 1280w, https:\/\/www.klaerwerk-krefeld.org\/wp-content\/uploads\/2019\/05\/fullsizeoutput_1779-150x225.jpeg 150w, https:\/\/www.klaerwerk-krefeld.org\/wp-content\/uploads\/2019\/05\/fullsizeoutput_1779.jpeg 1707w\" sizes=\"auto, (max-width: 683px) 100vw, 683px\" \/><\/figure><\/li><li class=\"blocks-gallery-item\"><figure><img loading=\"lazy\" decoding=\"async\" width=\"1024\" height=\"683\" src=\"https:\/\/klaerwerk.querfeldeins.org\/wp-content\/uploads\/2019\/05\/IMG_4288-1024x683.jpg\" alt=\"\" data-id=\"2571\" data-link=\"https:\/\/klaerwerk.querfeldeins.org\/img_4288\/\" class=\"wp-image-2571\" srcset=\"https:\/\/www.klaerwerk-krefeld.org\/wp-content\/uploads\/2019\/05\/IMG_4288-1024x683.jpg 1024w, https:\/\/www.klaerwerk-krefeld.org\/wp-content\/uploads\/2019\/05\/IMG_4288-300x200.jpg 300w, https:\/\/www.klaerwerk-krefeld.org\/wp-content\/uploads\/2019\/05\/IMG_4288-768x512.jpg 768w, https:\/\/www.klaerwerk-krefeld.org\/wp-content\/uploads\/2019\/05\/IMG_4288-1536x1024.jpg 1536w, https:\/\/www.klaerwerk-krefeld.org\/wp-content\/uploads\/2019\/05\/IMG_4288-2048x1365.jpg 2048w, https:\/\/www.klaerwerk-krefeld.org\/wp-content\/uploads\/2019\/05\/IMG_4288-1920x1280.jpg 1920w, https:\/\/www.klaerwerk-krefeld.org\/wp-content\/uploads\/2019\/05\/IMG_4288-150x100.jpg 150w\" sizes=\"auto, (max-width: 767px) 89vw, (max-width: 1000px) 54vw, (max-width: 1071px) 543px, 580px\" \/><figcaption> <\/figcaption><\/figure><\/li><li class=\"blocks-gallery-item\"><figure><img decoding=\"async\" src=\"https:\/\/klaerwerk.querfeldeins.org\/wp-content\/uploads\/2019\/05\/IMG_4300-1024x683.jpg\" alt=\"\" data-id=\"2583\" data-link=\"https:\/\/klaerwerk.querfeldeins.org\/img_4300\/\" class=\"wp-image-2583\"\/><\/figure><\/li><li class=\"blocks-gallery-item\"><figure><img decoding=\"async\" src=\"https:\/\/klaerwerk.querfeldeins.org\/wp-content\/uploads\/2019\/05\/fullsizeoutput_1784-1024x683.jpeg\" alt=\"\" data-id=\"2590\" data-link=\"https:\/\/klaerwerk.querfeldeins.org\/fullsizeoutput_1784\/\" class=\"wp-image-2590\"\/><\/figure><\/li><li class=\"blocks-gallery-item\"><figure><img decoding=\"async\" src=\"https:\/\/klaerwerk.querfeldeins.org\/wp-content\/uploads\/2019\/05\/fullsizeoutput_1786-683x1024.jpeg\" alt=\"\" data-id=\"2591\" data-link=\"https:\/\/klaerwerk.querfeldeins.org\/fullsizeoutput_1786\/\" class=\"wp-image-2591\"\/><\/figure><\/li><li class=\"blocks-gallery-item\"><figure><img loading=\"lazy\" decoding=\"async\" width=\"1024\" height=\"683\" src=\"https:\/\/klaerwerk.querfeldeins.org\/wp-content\/uploads\/2019\/05\/fullsizeoutput_1789-1024x683.jpeg\" alt=\"\" data-id=\"2599\" data-link=\"https:\/\/klaerwerk.querfeldeins.org\/fullsizeoutput_1789\/\" class=\"wp-image-2599\" srcset=\"https:\/\/www.klaerwerk-krefeld.org\/wp-content\/uploads\/2019\/05\/fullsizeoutput_1789-1024x683.jpeg 1024w, https:\/\/www.klaerwerk-krefeld.org\/wp-content\/uploads\/2019\/05\/fullsizeoutput_1789-300x200.jpeg 300w, https:\/\/www.klaerwerk-krefeld.org\/wp-content\/uploads\/2019\/05\/fullsizeoutput_1789-768x512.jpeg 768w, https:\/\/www.klaerwerk-krefeld.org\/wp-content\/uploads\/2019\/05\/fullsizeoutput_1789-1536x1024.jpeg 1536w, https:\/\/www.klaerwerk-krefeld.org\/wp-content\/uploads\/2019\/05\/fullsizeoutput_1789-2048x1365.jpeg 2048w, https:\/\/www.klaerwerk-krefeld.org\/wp-content\/uploads\/2019\/05\/fullsizeoutput_1789-1920x1280.jpeg 1920w, https:\/\/www.klaerwerk-krefeld.org\/wp-content\/uploads\/2019\/05\/fullsizeoutput_1789-150x100.jpeg 150w\" sizes=\"auto, (max-width: 767px) 89vw, (max-width: 1000px) 54vw, (max-width: 1071px) 543px, 580px\" \/><\/figure><\/li><\/ul>\n","protected":false},"excerpt":{"rendered":"<p>Mit der Reinigungsanlage wurden 1908 &#8211; 1910 einige wichtige Kan\u00e4le der Stadt neu erbaut. So schreibt Wilhelm Wessel, der damalige Leiter des Tiefbauamtes, 1982 in &#8220;Die Heimat&#8221; in Ausgabe 53: &#8220;Der S\u00fcdsammler beginnt am Hauptbahn\u00adhof, er verl\u00e4uft im Zuge Hansastra\u00dfe \u2014 Oppumer Stra\u00dfe \u2014 Glockenspitz \u2014 Berli\u00adner Stra\u00dfe zur Reinigungsanlage [&#8230;]. Der S\u00fcdsammler ist als &hellip; <\/p>\n<p class=\"link-more\"><a href=\"https:\/\/www.klaerwerk-krefeld.org\/index.php\/mal-nachsehen-im-neuen-auslasskanal-ok-neu-ist-relativ-er-ist-von-1909\/\" class=\"more-link\"><span class=\"screen-reader-text\">\u201eMal nachsehen im neuen Auslasskanal, ok neu ist relativ, er ist von 1909&#8230;\u201c <\/span>weiterlesen<\/a><\/p>\n","protected":false},"author":1,"featured_media":0,"comment_status":"closed","ping_status":"open","sticky":false,"template":"","format":"standard","meta":{"footnotes":""},"categories":[5],"tags":[],"class_list":["post-2626","post","type-post","status-publish","format-standard","hentry","category-klaerwerk"],"_links":{"self":[{"href":"https:\/\/www.klaerwerk-krefeld.org\/index.php\/wp-json\/wp\/v2\/posts\/2626","targetHints":{"allow":["GET"]}}],"collection":[{"href":"https:\/\/www.klaerwerk-krefeld.org\/index.php\/wp-json\/wp\/v2\/posts"}],"about":[{"href":"https:\/\/www.klaerwerk-krefeld.org\/index.php\/wp-json\/wp\/v2\/types\/post"}],"author":[{"embeddable":true,"href":"https:\/\/www.klaerwerk-krefeld.org\/index.php\/wp-json\/wp\/v2\/users\/1"}],"replies":[{"embeddable":true,"href":"https:\/\/www.klaerwerk-krefeld.org\/index.php\/wp-json\/wp\/v2\/comments?post=2626"}],"version-history":[{"count":4,"href":"https:\/\/www.klaerwerk-krefeld.org\/index.php\/wp-json\/wp\/v2\/posts\/2626\/revisions"}],"predecessor-version":[{"id":2630,"href":"https:\/\/www.klaerwerk-krefeld.org\/index.php\/wp-json\/wp\/v2\/posts\/2626\/revisions\/2630"}],"wp:attachment":[{"href":"https:\/\/www.klaerwerk-krefeld.org\/index.php\/wp-json\/wp\/v2\/media?parent=2626"}],"wp:term":[{"taxonomy":"category","embeddable":true,"href":"https:\/\/www.klaerwerk-krefeld.org\/index.php\/wp-json\/wp\/v2\/categories?post=2626"},{"taxonomy":"post_tag","embeddable":true,"href":"https:\/\/www.klaerwerk-krefeld.org\/index.php\/wp-json\/wp\/v2\/tags?post=2626"}],"curies":[{"name":"wp","href":"https:\/\/api.w.org\/{rel}","templated":true}]}}